{"id":8018,"date":"2024-03-20T09:15:42","date_gmt":"2024-03-20T13:15:42","guid":{"rendered":"https:\/\/fondationhopitalsainteustache.com\/une-5e-edition-pour-le-festin-terre-et-mer-de-la-fondation-hopital-saint-eustache\/"},"modified":"2024-06-19T11:50:49","modified_gmt":"2024-06-19T15:50:49","slug":"une-5e-edition-pour-le-festin-terre-et-mer-de-la-fondation-hopital-saint-eustache","status":"publish","type":"post","link":"https:\/\/fondationhopitalsainteustache.com\/en\/une-5e-edition-pour-le-festin-terre-et-mer-de-la-fondation-hopital-saint-eustache\/","title":{"rendered":"The 5th Edition of the Surf and Turf Dinner in Support ofthe Fondation H\u00f4pital Saint-Eustache"},"content":{"rendered":"\n<p>This afternoon, the 5<sup>th<\/sup> edition of the<strong> Surf and Turf Dinner<\/strong><strong><em> <\/em><\/strong>was officially launched. The event will be held on Thursday May 16<sup>th<\/sup>, 2024, at 6 p.m., at the Centre culturel et communautaire Th\u00e9r\u00e8se-De Blainville located at 120, boul. du S\u00e9minaire in Sainte-Th\u00e9r\u00e8se. This fundraising evening in support of the Saint-Eustache Hospital Foundation (FHSE), aims to be a festive gathering that will allow businesses and residents of the Basses-Laurentides region to gather and brainstorm over a delicious buffet of beef and lobster!<\/p>\n\n\n\n<p>This press conference, held at Desjardins, our Presenting Partner of the 5th edition of the Surf and Turf Dinner, yielded around twenty people. Many dignitaries attended, including the evening&#8217;s two honorary co-presidents, Liza Poulin, Mayor of Blainville, and Pascal Quevillon, Mayor of Oka. They addressed the guests and emphasized their commitment to the Fondation. Mrs. Poulin expressed how pleased she was to be named honorary co-president alongside Mr. Quevillon. She also highlighted the significance of supporting the Fondation: \u201cWhen we engage in municipal politics, it&#8217;s to make a positive impact in our community, to strive towards enhancing the quality of life. This aligns with the Fondation&#8217;s mission, which aims to enhance healthcare services for the Lower Laurentians population\u201d. Mr. Quevillon was honoured to share the co-presidency of the 5th edition of the <strong>Surf and Turf dinner<\/strong> with Mrs. Poulin. He highlighted the important role played by the Fondation H\u00f4pital Saint-Eustache for the citizens of the Lower Laurentians: \u201cWe all have loved ones, family, or friends who have sought healthcare at the H\u00f4pital de Saint-Eustache. You never know what might happen to you tomorrow or next week, so supporting the Foundation is vital. Personally, I&#8217;ve already broken my collarbone while mountain biking and had access to excellent hospital care myself. That&#8217;s why I invite you to show your support for the Foundation on May 16<sup>th<\/sup>. Thank you to the entire FHSE team for their involvement.\u201d<\/p>\n\n\n\n<p>Master of ceremonies Lyne Des Trois Maisons, Executive Director of FHSE, reiterated the Fondation&#8217;s mission and stressed the importance of participating in this type of fundraising event: \u201cAs you know, the Fondation&#8217;s mission is to support the H\u00f4pital de Saint-Eustache by enabling the acquisition of state-of-the-art equipment and offering quality local care to the people of our community. If you drive past the hospital, you&#8217;ll notice that work on the new Nuclear Medicine Unit is well underway. This fall, we&#8217;ll be able to welcome our first patients! The Fondation is proud to have contributed $1 million toward the purchase of the Gamma Camera. Events like this one help us to acquire such equipment. Thank you in advance for your participation!\u201d<\/p>\n\n\n\n<p>Mr. Pierre Mayer, President of the Board of Directors of FHSE, highlighted that for $300 per ticket, guests will be treated to cocktails, clam chowder, a cold and hot buffet, an all-you-can-eat lobster and beef meal, a variety of sushi dishes, a selection of wines, desserts, and coffee. By participating, guests will spend an unforgettable evening in support of a great cause while experiencing a unique dining experience. In addition to individual tickets, those attending can buy tables for 8, 10, or 12 people. For each ticket purchased, a tax receipt for an amount to be determined will be provided after the event.<\/p>\n\n\n\n<p>Afterward, Mrs. Am\u00e9lie Pag\u00e9, Market Development Director at Desjardins, Caisse de Saint-Eustache\u2014Deux-Montagnes, took the floor on behalf of Desjardins Laurentides Sud, stating: \u201cDesjardins is very proud to once again act as the Presenting Partner of the 5<sup>th<\/sup> edition of the Surf and Turf Dinner. Together, we will continue to work towards a future where everyone has access to quality healthcare, contribute to medical innovation at our hospital, and allow those in need to receive the care their require close to home and near their family. Thank you for your involvement, and I look forward to seeing you on May 16<sup>th<\/sup>.\u201d<\/p>\n\n\n\n<p>The entire event concluded with an official photo session. You are encouraged to contact the FHSE to acquire one or more images from the press conference.<\/p>\n\n\n\n<p>We would also like to thank the many representatives in attendance:<\/p>\n\n\n\n<ul class=\"wp-block-list\">\n<li>Nicolas Guay, Office Manager for Beno\u00eet Charrette, Minister of the Environment, the Fight Against Climate Change, Wildlife and Parks, Minister Responsible for the Laurentides Region Member for Deux-Montagnes\u2009;<\/li>\n\n\n\n<li>Daniel Lavall\u00e9e, political attach\u00e9 for Luc Desilets, Member of Parliament for Rivi\u00e8re-des-Mille-\u00celes;<\/li>\n\n\n\n<li>Marc-Olivier Leblanc, political attach\u00e9 for Jean-Denis Garon, Member of Parliament for Mirabel;<\/li>\n\n\n\n<li>Christian Goyer, political advisor and office manager for Mario Laframboise, Member for Blainville, Chair of the Government Caucus;<\/li>\n\n\n\n<li>C\u00e9line Barrette, political attach\u00e9 to Sylvie D&#8217;Amours, Chair of the Committee on Labour and the Economy and Member for Mirabel\u2009;<\/li>\n\n\n\n<li>Fran\u00e7ois Robillard, Mayor of Sainte-Marthe-sur-le-Lac;<\/li>\n\n\n\n<li>Ms. Isabel Mattioli, independent municipal councillor, Saint-Eustache.<\/li>\n<\/ul>\n\n\n\n<p>Join us for the 5<sup>th<\/sup> of the Surf and Turf Dinner by becoming a partner or purchasing your tickets online at: <a href=\"https:\/\/fondationhopitalsainteustache.com\/evenement\/5e-edition-du-festin-terre-et-mer\/\">https:\/\/fondationhopitalsainteustache.com\/evenement\/5e-edition-du-festin-terre-et-mer\/<\/a> or by contacting the Fondation at 450-974-8229. We look forward to seeing you!<\/p>\n\n\n\n<div class=\"wp-block-buttons is-content-justification-center is-layout-flex wp-container-core-buttons-is-layout-16018d1d wp-block-buttons-is-layout-flex\">\n<div class=\"wp-block-button\"><a class=\"wp-block-button__link wp-element-button\" href=\"https:\/\/fondationhopitalsainteustache.com\/wp-content\/uploads\/2024\/06\/Press-release_The-5th-Edition-of-the-Surf-and-Turf-Dinner_March-20th.pdf\" target=\"_blank\" rel=\"noreferrer noopener\">Read the presse release<\/a><\/div>\n<\/div>\n","protected":false},"excerpt":{"rendered":"<p>This afternoon, the 5th edition of the Surf and Turf Dinner was officially launched. The event will be held on Thursday May 16th, 2024, at 6 p.m., at the Centre culturel et communautaire Th\u00e9r\u00e8se-De Blainville located at 120, boul. du S\u00e9minaire in Sainte-Th\u00e9r\u00e8se. This fundraising evening in support of the Saint-Eustache Hospital Foundation (FHSE), aims &hellip; <a href=\"https:\/\/fondationhopitalsainteustache.com\/en\/une-5e-edition-pour-le-festin-terre-et-mer-de-la-fondation-hopital-saint-eustache\/\">Continued<\/a><\/p>\n","protected":false},"author":4,"featured_media":8017,"comment_status":"closed","ping_status":"closed","sticky":false,"template":"","format":"standard","meta":{"_acf_changed":false,"inline_featured_image":false,"footnotes":""},"categories":[17],"tags":[],"class_list":["post-8018","post","type-post","status-publish","format-standard","has-post-thumbnail","hentry","category-news"],"acf":[],"yoast_head":"<!-- This site is optimized with the Yoast SEO plugin v26.0 - https:\/\/yoast.com\/wordpress\/plugins\/seo\/ -->\n<title>The 5th Edition of the Surf and Turf Dinner in Support ofthe Fondation H\u00f4pital Saint-Eustache | Fondation Hopital Saint-Eustache<\/title>\n<meta name=\"robots\" content=\"index, follow, max-snippet:-1, max-image-preview:large, max-video-preview:-1\" \/>\n<link rel=\"canonical\" href=\"https:\/\/fondationhopitalsainteustache.com\/en\/une-5e-edition-pour-le-festin-terre-et-mer-de-la-fondation-hopital-saint-eustache\/\" \/>\n<meta property=\"og:locale\" content=\"en_US\" \/>\n<meta property=\"og:type\" content=\"article\" \/>\n<meta property=\"og:title\" content=\"The 5th Edition of the Surf and Turf Dinner in Support ofthe Fondation H\u00f4pital Saint-Eustache | Fondation Hopital Saint-Eustache\" \/>\n<meta property=\"og:description\" content=\"This afternoon, the 5th edition of the Surf and Turf Dinner was officially launched. The event will be held on Thursday May 16th, 2024, at 6 p.m., at the Centre culturel et communautaire Th\u00e9r\u00e8se-De Blainville located at 120, boul. du S\u00e9minaire in Sainte-Th\u00e9r\u00e8se. This fundraising evening in support of the Saint-Eustache Hospital Foundation (FHSE), aims &hellip; Continued\" \/>\n<meta property=\"og:url\" content=\"https:\/\/fondationhopitalsainteustache.com\/en\/une-5e-edition-pour-le-festin-terre-et-mer-de-la-fondation-hopital-saint-eustache\/\" \/>\n<meta property=\"og:site_name\" content=\"Fondation Hopital Saint-Eustache\" \/>\n<meta property=\"article:published_time\" content=\"2024-03-20T13:15:42+00:00\" \/>\n<meta property=\"article:modified_time\" content=\"2024-06-19T15:50:49+00:00\" \/>\n<meta property=\"og:image\" content=\"https:\/\/fondationhopitalsainteustache.com\/wp-content\/uploads\/2024\/03\/432712624_771926454870822_5150015338543730265_n.jpg\" \/>\n\t<meta property=\"og:image:width\" content=\"1920\" \/>\n\t<meta property=\"og:image:height\" content=\"1440\" \/>\n\t<meta property=\"og:image:type\" content=\"image\/jpeg\" \/>\n<meta name=\"author\" content=\"J_Belec\" \/>\n<meta name=\"twitter:card\" content=\"summary_large_image\" \/>\n<meta name=\"twitter:creator\" content=\"@DistrictWeb\" \/>\n<meta name=\"twitter:label1\" content=\"Written by\" \/>\n\t<meta name=\"twitter:data1\" content=\"J_Belec\" \/>\n\t<meta name=\"twitter:label2\" content=\"Est. reading time\" \/>\n\t<meta name=\"twitter:data2\" content=\"5 minutes\" \/>\n<script type=\"application\/ld+json\" class=\"yoast-schema-graph\">{\"@context\":\"https:\/\/schema.org\",\"@graph\":[{\"@type\":\"WebPage\",\"@id\":\"https:\/\/fondationhopitalsainteustache.com\/en\/une-5e-edition-pour-le-festin-terre-et-mer-de-la-fondation-hopital-saint-eustache\/\",\"url\":\"https:\/\/fondationhopitalsainteustache.com\/en\/une-5e-edition-pour-le-festin-terre-et-mer-de-la-fondation-hopital-saint-eustache\/\",\"name\":\"The 5th Edition of the Surf and Turf Dinner in Support ofthe Fondation H\u00f4pital Saint-Eustache | Fondation Hopital Saint-Eustache\",\"isPartOf\":{\"@id\":\"https:\/\/fondationhopitalsainteustache.com\/#website\"},\"primaryImageOfPage\":{\"@id\":\"https:\/\/fondationhopitalsainteustache.com\/en\/une-5e-edition-pour-le-festin-terre-et-mer-de-la-fondation-hopital-saint-eustache\/#primaryimage\"},\"image\":{\"@id\":\"https:\/\/fondationhopitalsainteustache.com\/en\/une-5e-edition-pour-le-festin-terre-et-mer-de-la-fondation-hopital-saint-eustache\/#primaryimage\"},\"thumbnailUrl\":\"https:\/\/fondationhopitalsainteustache.com\/wp-content\/uploads\/2024\/03\/432712624_771926454870822_5150015338543730265_n.jpg\",\"datePublished\":\"2024-03-20T13:15:42+00:00\",\"dateModified\":\"2024-06-19T15:50:49+00:00\",\"author\":{\"@id\":\"https:\/\/fondationhopitalsainteustache.com\/#\/schema\/person\/702bfb837ab715ce43063e7fb247c33c\"},\"breadcrumb\":{\"@id\":\"https:\/\/fondationhopitalsainteustache.com\/en\/une-5e-edition-pour-le-festin-terre-et-mer-de-la-fondation-hopital-saint-eustache\/#breadcrumb\"},\"inLanguage\":\"en-US\",\"potentialAction\":[{\"@type\":\"ReadAction\",\"target\":[\"https:\/\/fondationhopitalsainteustache.com\/en\/une-5e-edition-pour-le-festin-terre-et-mer-de-la-fondation-hopital-saint-eustache\/\"]}]},{\"@type\":\"ImageObject\",\"inLanguage\":\"en-US\",\"@id\":\"https:\/\/fondationhopitalsainteustache.com\/en\/une-5e-edition-pour-le-festin-terre-et-mer-de-la-fondation-hopital-saint-eustache\/#primaryimage\",\"url\":\"https:\/\/fondationhopitalsainteustache.com\/wp-content\/uploads\/2024\/03\/432712624_771926454870822_5150015338543730265_n.jpg\",\"contentUrl\":\"https:\/\/fondationhopitalsainteustache.com\/wp-content\/uploads\/2024\/03\/432712624_771926454870822_5150015338543730265_n.jpg\",\"width\":1920,\"height\":1440},{\"@type\":\"BreadcrumbList\",\"@id\":\"https:\/\/fondationhopitalsainteustache.com\/en\/une-5e-edition-pour-le-festin-terre-et-mer-de-la-fondation-hopital-saint-eustache\/#breadcrumb\",\"itemListElement\":[{\"@type\":\"ListItem\",\"position\":1,\"name\":\"Home\",\"item\":\"https:\/\/fondationhopitalsainteustache.com\/en\/\"},{\"@type\":\"ListItem\",\"position\":2,\"name\":\"The 5th Edition of the Surf and Turf Dinner in Support ofthe Fondation H\u00f4pital Saint-Eustache\"}]},{\"@type\":\"WebSite\",\"@id\":\"https:\/\/fondationhopitalsainteustache.com\/#website\",\"url\":\"https:\/\/fondationhopitalsainteustache.com\/\",\"name\":\"Fondation Hopital Saint-Eustache\",\"description\":\"\",\"potentialAction\":[{\"@type\":\"SearchAction\",\"target\":{\"@type\":\"EntryPoint\",\"urlTemplate\":\"https:\/\/fondationhopitalsainteustache.com\/?s={search_term_string}\"},\"query-input\":{\"@type\":\"PropertyValueSpecification\",\"valueRequired\":true,\"valueName\":\"search_term_string\"}}],\"inLanguage\":\"en-US\"},{\"@type\":\"Person\",\"@id\":\"https:\/\/fondationhopitalsainteustache.com\/#\/schema\/person\/702bfb837ab715ce43063e7fb247c33c\",\"name\":\"J_Belec\",\"sameAs\":[\"https:\/\/x.com\/DistrictWeb\"],\"url\":\"https:\/\/fondationhopitalsainteustache.com\/en\/author\/j_belec\/\"}]}<\/script>\n<!-- \/ Yoast SEO plugin. -->","yoast_head_json":{"title":"The 5th Edition of the Surf and Turf Dinner in Support ofthe Fondation H\u00f4pital Saint-Eustache | Fondation Hopital Saint-Eustache","robots":{"index":"index","follow":"follow","max-snippet":"max-snippet:-1","max-image-preview":"max-image-preview:large","max-video-preview":"max-video-preview:-1"},"canonical":"https:\/\/fondationhopitalsainteustache.com\/en\/une-5e-edition-pour-le-festin-terre-et-mer-de-la-fondation-hopital-saint-eustache\/","og_locale":"en_US","og_type":"article","og_title":"The 5th Edition of the Surf and Turf Dinner in Support ofthe Fondation H\u00f4pital Saint-Eustache | Fondation Hopital Saint-Eustache","og_description":"This afternoon, the 5th edition of the Surf and Turf Dinner was officially launched. The event will be held on Thursday May 16th, 2024, at 6 p.m., at the Centre culturel et communautaire Th\u00e9r\u00e8se-De Blainville located at 120, boul. du S\u00e9minaire in Sainte-Th\u00e9r\u00e8se. This fundraising evening in support of the Saint-Eustache Hospital Foundation (FHSE), aims &hellip; Continued","og_url":"https:\/\/fondationhopitalsainteustache.com\/en\/une-5e-edition-pour-le-festin-terre-et-mer-de-la-fondation-hopital-saint-eustache\/","og_site_name":"Fondation Hopital Saint-Eustache","article_published_time":"2024-03-20T13:15:42+00:00","article_modified_time":"2024-06-19T15:50:49+00:00","og_image":[{"width":1920,"height":1440,"url":"https:\/\/fondationhopitalsainteustache.com\/wp-content\/uploads\/2024\/03\/432712624_771926454870822_5150015338543730265_n.jpg","type":"image\/jpeg"}],"author":"J_Belec","twitter_card":"summary_large_image","twitter_creator":"@DistrictWeb","twitter_misc":{"Written by":"J_Belec","Est. reading time":"5 minutes"},"schema":{"@context":"https:\/\/schema.org","@graph":[{"@type":"WebPage","@id":"https:\/\/fondationhopitalsainteustache.com\/en\/une-5e-edition-pour-le-festin-terre-et-mer-de-la-fondation-hopital-saint-eustache\/","url":"https:\/\/fondationhopitalsainteustache.com\/en\/une-5e-edition-pour-le-festin-terre-et-mer-de-la-fondation-hopital-saint-eustache\/","name":"The 5th Edition of the Surf and Turf Dinner in Support ofthe Fondation H\u00f4pital Saint-Eustache | Fondation Hopital Saint-Eustache","isPartOf":{"@id":"https:\/\/fondationhopitalsainteustache.com\/#website"},"primaryImageOfPage":{"@id":"https:\/\/fondationhopitalsainteustache.com\/en\/une-5e-edition-pour-le-festin-terre-et-mer-de-la-fondation-hopital-saint-eustache\/#primaryimage"},"image":{"@id":"https:\/\/fondationhopitalsainteustache.com\/en\/une-5e-edition-pour-le-festin-terre-et-mer-de-la-fondation-hopital-saint-eustache\/#primaryimage"},"thumbnailUrl":"https:\/\/fondationhopitalsainteustache.com\/wp-content\/uploads\/2024\/03\/432712624_771926454870822_5150015338543730265_n.jpg","datePublished":"2024-03-20T13:15:42+00:00","dateModified":"2024-06-19T15:50:49+00:00","author":{"@id":"https:\/\/fondationhopitalsainteustache.com\/#\/schema\/person\/702bfb837ab715ce43063e7fb247c33c"},"breadcrumb":{"@id":"https:\/\/fondationhopitalsainteustache.com\/en\/une-5e-edition-pour-le-festin-terre-et-mer-de-la-fondation-hopital-saint-eustache\/#breadcrumb"},"inLanguage":"en-US","potentialAction":[{"@type":"ReadAction","target":["https:\/\/fondationhopitalsainteustache.com\/en\/une-5e-edition-pour-le-festin-terre-et-mer-de-la-fondation-hopital-saint-eustache\/"]}]},{"@type":"ImageObject","inLanguage":"en-US","@id":"https:\/\/fondationhopitalsainteustache.com\/en\/une-5e-edition-pour-le-festin-terre-et-mer-de-la-fondation-hopital-saint-eustache\/#primaryimage","url":"https:\/\/fondationhopitalsainteustache.com\/wp-content\/uploads\/2024\/03\/432712624_771926454870822_5150015338543730265_n.jpg","contentUrl":"https:\/\/fondationhopitalsainteustache.com\/wp-content\/uploads\/2024\/03\/432712624_771926454870822_5150015338543730265_n.jpg","width":1920,"height":1440},{"@type":"BreadcrumbList","@id":"https:\/\/fondationhopitalsainteustache.com\/en\/une-5e-edition-pour-le-festin-terre-et-mer-de-la-fondation-hopital-saint-eustache\/#breadcrumb","itemListElement":[{"@type":"ListItem","position":1,"name":"Home","item":"https:\/\/fondationhopitalsainteustache.com\/en\/"},{"@type":"ListItem","position":2,"name":"The 5th Edition of the Surf and Turf Dinner in Support ofthe Fondation H\u00f4pital Saint-Eustache"}]},{"@type":"WebSite","@id":"https:\/\/fondationhopitalsainteustache.com\/#website","url":"https:\/\/fondationhopitalsainteustache.com\/","name":"Fondation Hopital Saint-Eustache","description":"","potentialAction":[{"@type":"SearchAction","target":{"@type":"EntryPoint","urlTemplate":"https:\/\/fondationhopitalsainteustache.com\/?s={search_term_string}"},"query-input":{"@type":"PropertyValueSpecification","valueRequired":true,"valueName":"search_term_string"}}],"inLanguage":"en-US"},{"@type":"Person","@id":"https:\/\/fondationhopitalsainteustache.com\/#\/schema\/person\/702bfb837ab715ce43063e7fb247c33c","name":"J_Belec","sameAs":["https:\/\/x.com\/DistrictWeb"],"url":"https:\/\/fondationhopitalsainteustache.com\/en\/author\/j_belec\/"}]}},"_links":{"self":[{"href":"https:\/\/fondationhopitalsainteustache.com\/en\/wp-json\/wp\/v2\/posts\/8018","targetHints":{"allow":["GET"]}}],"collection":[{"href":"https:\/\/fondationhopitalsainteustache.com\/en\/wp-json\/wp\/v2\/posts"}],"about":[{"href":"https:\/\/fondationhopitalsainteustache.com\/en\/wp-json\/wp\/v2\/types\/post"}],"author":[{"embeddable":true,"href":"https:\/\/fondationhopitalsainteustache.com\/en\/wp-json\/wp\/v2\/users\/4"}],"replies":[{"embeddable":true,"href":"https:\/\/fondationhopitalsainteustache.com\/en\/wp-json\/wp\/v2\/comments?post=8018"}],"version-history":[{"count":3,"href":"https:\/\/fondationhopitalsainteustache.com\/en\/wp-json\/wp\/v2\/posts\/8018\/revisions"}],"predecessor-version":[{"id":9476,"href":"https:\/\/fondationhopitalsainteustache.com\/en\/wp-json\/wp\/v2\/posts\/8018\/revisions\/9476"}],"wp:featuredmedia":[{"embeddable":true,"href":"https:\/\/fondationhopitalsainteustache.com\/en\/wp-json\/wp\/v2\/media\/8017"}],"wp:attachment":[{"href":"https:\/\/fondationhopitalsainteustache.com\/en\/wp-json\/wp\/v2\/media?parent=8018"}],"wp:term":[{"taxonomy":"category","embeddable":true,"href":"https:\/\/fondationhopitalsainteustache.com\/en\/wp-json\/wp\/v2\/categories?post=8018"},{"taxonomy":"post_tag","embeddable":true,"href":"https:\/\/fondationhopitalsainteustache.com\/en\/wp-json\/wp\/v2\/tags?post=8018"}],"curies":[{"name":"wp","href":"https:\/\/api.w.org\/{rel}","templated":true}]}}